{"id":90,"date":"2025-02-22T00:00:00","date_gmt":"2025-02-22T00:00:00","guid":{"rendered":"https:\/\/kabbalahcentrum.nl\/?p=90"},"modified":"2025-04-02T10:50:25","modified_gmt":"2025-04-02T09:50:25","slug":"met-welke-accessoires-combineer-je-een-lange-rok","status":"publish","type":"post","link":"https:\/\/kabbalahcentrum.nl\/ro\/met-welke-accessoires-combineer-je-een-lange-rok\/","title":{"rendered":"Ce accesorii combini cu o fust\u0103 lung\u0103?"},"content":{"rendered":"<div class=\"kk-star-ratings kksr-auto kksr-align-left kksr-valign-top\"\n    data-payload='{&quot;align&quot;:&quot;left&quot;,&quot;id&quot;:&quot;90&quot;,&quot;slug&quot;:&quot;default&quot;,&quot;valign&quot;:&quot;top&quot;,&quot;ignore&quot;:&quot;&quot;,&quot;reference&quot;:&quot;auto&quot;,&quot;class&quot;:&quot;&quot;,&quot;count&quot;:&quot;0&quot;,&quot;legendonly&quot;:&quot;&quot;,&quot;readonly&quot;:&quot;&quot;,&quot;score&quot;:&quot;0&quot;,&quot;starsonly&quot;:&quot;&quot;,&quot;best&quot;:&quot;5&quot;,&quot;gap&quot;:&quot;5&quot;,&quot;greet&quot;:&quot;Rate this post&quot;,&quot;legend&quot;:&quot;0\\\/5 - (0 votes)&quot;,&quot;size&quot;:&quot;24&quot;,&quot;title&quot;:&quot;Met welke accessoires combineer je een lange rok?&quot;,&quot;width&quot;:&quot;0&quot;,&quot;_legend&quot;:&quot;{score}\\\/{best} - ({count} {votes})&quot;,&quot;font_factor&quot;:&quot;1.25&quot;}'>\n            \n<div class=\"kksr-stars\">\n    \n<div class=\"kksr-stars-inactive\">\n            <div class=\"kksr-star\" data-star=\"1\" style=\"padding-right: 5px\">\n            \n\n<div class=\"kksr-icon\" style=\"width: 24px; height: 24px;\"><\/div>\n        <\/div>\n            <div class=\"kksr-star\" data-star=\"2\" style=\"padding-right: 5px\">\n            \n\n<div class=\"kksr-icon\" style=\"width: 24px; height: 24px;\"><\/div>\n        <\/div>\n            <div class=\"kksr-star\" data-star=\"3\" style=\"padding-right: 5px\">\n            \n\n<div class=\"kksr-icon\" style=\"width: 24px; height: 24px;\"><\/div>\n        <\/div>\n            <div class=\"kksr-star\" data-star=\"4\" style=\"padding-right: 5px\">\n            \n\n<div class=\"kksr-icon\" style=\"width: 24px; height: 24px;\"><\/div>\n        <\/div>\n            <div class=\"kksr-star\" data-star=\"5\" style=\"padding-right: 5px\">\n            \n\n<div class=\"kksr-icon\" style=\"width: 24px; height: 24px;\"><\/div>\n        <\/div>\n    <\/div>\n    \n<div class=\"kksr-stars-active\" style=\"width: 0px;\">\n            <div class=\"kksr-star\" style=\"padding-right: 5px\">\n            \n\n<div class=\"kksr-icon\" style=\"width: 24px; height: 24px;\"><\/div>\n        <\/div>\n            <div class=\"kksr-star\" style=\"padding-right: 5px\">\n            \n\n<div class=\"kksr-icon\" style=\"width: 24px; height: 24px;\"><\/div>\n        <\/div>\n            <div class=\"kksr-star\" style=\"padding-right: 5px\">\n            \n\n<div class=\"kksr-icon\" style=\"width: 24px; height: 24px;\"><\/div>\n        <\/div>\n            <div class=\"kksr-star\" style=\"padding-right: 5px\">\n            \n\n<div class=\"kksr-icon\" style=\"width: 24px; height: 24px;\"><\/div>\n        <\/div>\n            <div class=\"kksr-star\" style=\"padding-right: 5px\">\n            \n\n<div class=\"kksr-icon\" style=\"width: 24px; height: 24px;\"><\/div>\n        <\/div>\n    <\/div>\n<\/div>\n                \n\n<div class=\"kksr-legend\" style=\"font-size: 19.2px;\">\n            <span class=\"kksr-muted\">Evalueaz\u0103 aceast\u0103 postare<\/span>\n    <\/div>\n    <\/div>\n<p>Fustele lungi sunt mai mult dec\u00e2t o simpl\u0103 declara\u021bie de mod\u0103; sunt o declara\u021bie de stil \u0219i personalitate. Purtarea unei fuste lungi nu ofer\u0103 doar confort, ci \u0219i oportunitatea de a-\u021bi exprima creativitatea \u00een mod\u0103. Atunci c\u00e2nd alegi o fust\u0103 lung\u0103, accesoriile potrivite pot face diferen\u021ba dintre o \u021binut\u0103 simpl\u0103 \u0219i un look izbitor. Nu este vorba doar de culoare \u0219i material, ci \u0219i de stilul general pe care vrei s\u0103-l transmi\u021bi. Fie c\u0103 optezi pentru o \u021binut\u0103 casual \u0219i confortabil\u0103, fie pentru una elegant\u0103 \u0219i sofisticat\u0103, accesoriile sunt esen\u021biale. \u00cen acest articol, \u00ee\u021bi vom oferi sfaturi \u0219i idei despre cum s\u0103 combini cel mai bine fustele lungi cu accesorii.<\/p>\n<h2>Tipuri de fuste lungi<\/h2>\n<p><img decoding=\"async\" alt=\"Een vrouw in een elegante groene en bordeauxrode avondjurk poseert in een feestelijke omgeving met tafels.\" src=\"https:\/\/kabbalahcentrum.nl\/wp-content\/uploads\/2025\/02\/imagefbfc5805663845f199f3bf5297e371e6.png\"\/><\/p>\n<p>Fustele maxi sunt disponibile \u00eentr-o varietate de stiluri \u0219i materiale, oferindu-v\u0103 libertatea de a experimenta cu look-ul dumneavoastr\u0103. De la casual la elegant, fiecare stil are propriul farmec. Fustele maxi casual, adesea confec\u021bionate din materiale precum bumbacul, ofer\u0103 un aspect relaxat. Pe de alt\u0103 parte, fustele maxi elegante, confec\u021bionate din materiale luxoase precum \u0219ifonul sau m\u0103tasea, sunt perfecte pentru ocazii speciale. \u00cen cele din urm\u0103, fustele maxi sport, de obicei confec\u021bionate din materiale tehnice, sunt ideale pentru un stil de via\u021b\u0103 activ. Varietatea v\u0103 permite s\u0103 \u00eencorpora\u021bi \u00een garderoba dumneavoastr\u0103 fuste maxi potrivite pentru aproape orice ocazie.<\/p>\n<h2>Accesorii pentru fuste lungi<\/h2>\n<p><img decoding=\"async\" alt=\"Een jonge vrouw in een gele rok en zwart shirt wandelt door een kleurrijke straat met graffiti.\" src=\"https:\/\/kabbalahcentrum.nl\/wp-content\/uploads\/2025\/02\/image4fddb168ce874c93bb3736b7f2af88e6.png\"\/><\/p>\n<p>Accesoriile sunt esen\u021biale pentru a crea un look unitar cu o fust\u0103 maxi. Combina\u021bia potrivit\u0103 poate da via\u021b\u0103 \u021binutei tale. G\u00e2nde\u0219te-te la pantofi, gen\u021bi \u0219i bijuterii care \u00ee\u021bi completeaz\u0103 stilul. Este important s\u0103 alegi accesorii care nu sunt doar frumoase, ci \u0219i practice. Iat\u0103 c\u00e2teva sugestii pentru a-\u021bi duce look-ul la nivelul urm\u0103tor.<\/p>\n<table border=\"1\">\n<tr>\n<th>Pantofi<\/th>\n<th>Utilizare<\/th>\n<\/tr>\n<tr>\n<td>Sandale<\/td>\n<td>Ideal pentru un look de var\u0103.<\/td>\n<\/tr>\n<tr>\n<td>ghete la glezn\u0103<\/td>\n<td>Perfect pentru un aspect mai dur.<\/td>\n<\/tr>\n<tr>\n<td>Tocuri<\/td>\n<td>Pentru o \u021binut\u0103 elegant\u0103.<\/td>\n<\/tr>\n<\/table>\n<h3>Pantofi<\/h3>\n<ul>\n<li><strong>Sandale:<\/strong> Confortabil \u0219i perfect pentru zilele mai c\u0103lduroase.<\/li>\n<li><strong>Cizme:<\/strong> Dau o atmosfer\u0103 \u00eendr\u0103znea\u021b\u0103 \u0219i sunt grozave pentru toamn\u0103.<\/li>\n<li><strong>Tocuri:<\/strong> Alungesc picioarele \u0219i sunt perfecte pentru ocaziile de sear\u0103.<\/li>\n<\/ul>\n<h3>Gen\u021bi<\/h3>\n<ul>\n<li><strong>Geant\u0103 de um\u0103r:<\/strong> Practic pentru utilizare zilnic\u0103 \u0219i versatil.<\/li>\n<li><strong>Ambreiaj:<\/strong> Alegerea ideal\u0103 pentru o sear\u0103 \u0219ic \u00een ora\u0219.<\/li>\n<li><strong>Rucsac:<\/strong> At\u00e2t elegante, c\u00e2t \u0219i confortabile pentru un look casual.<\/li>\n<\/ul>\n<h3>Bijuterii<\/h3>\n<ul>\n<li><strong>Cercei:<\/strong> De la cele mai elegante la cele subtile, acestea pot \u00eembun\u0103t\u0103\u021bi orice aspect.<\/li>\n<li><strong>Coliere:<\/strong> Un colier statement \u00ee\u021bi poate pune cu adev\u0103rat \u00een valoare \u021binuta.<\/li>\n<li><strong>Br\u0103\u021b\u0103ri:<\/strong> Perfect pentru a ad\u0103uga un plus de elegan\u021b\u0103 \u021binutei tale.<\/li>\n<\/ul>\n<h2>Accesorii sezoniere<\/h2>\n<p>\u00cen func\u021bie de sezon, alegerea accesoriilor este crucial\u0103. Vara, cu siguran\u021b\u0103 po\u021bi folosi e\u0219arfe \u0219i p\u0103l\u0103rii u\u0219oare pentru a-\u021bi completa \u021binuta. Acestea nu numai c\u0103 ofer\u0103 un aspect elegant, dar ofer\u0103 \u0219i protec\u021bie \u00eempotriva soarelui. Iarna, pe de alt\u0103 parte, e\u0219arfele \u0219i m\u0103nu\u0219ile groase sunt esen\u021biale pentru a te \u00eenc\u0103lzi. Prin urmare, fiecare sezon necesit\u0103 o abordare diferit\u0103 a accesoriilor, ceea ce face \u0219i mai distractiv\u0103 stilizarea fustelor lungi.<\/p>\n<h2>Concluzie<\/h2>\n<p>Fustele maxi sunt o completare versatil\u0103 a garderobei tale \u0219i pot fi purtate pentru orice ocazie cu accesoriile potrivite. Fie c\u0103 alegi o \u021binut\u0103 casual, elegant\u0103 sau sport, accesoriile fac toat\u0103 diferen\u021ba. De la pantofi la gen\u021bi \u0219i bijuterii, exist\u0103 \u00eentotdeauna o modalitate de a combina fusta maxi \u0219i de a-\u021bi sublinia stilul personal. Sper\u0103m c\u0103 acest articol \u021bi-a oferit inspira\u021bie pentru a-\u021bi stiliza propriile \u021binute cu fuste maxi.<\/p>\n<h2>\u00centreb\u0103ri frecvente<\/h2>\n<ul>\n<li><strong>Ce pantofi se potrivesc cel mai bine cu o fust\u0103 lung\u0103?<\/strong> Sandalele \u0219i pantofii cu toc sunt alegeri excelente \u00een func\u021bie de ocazie.<\/li>\n<li><strong>Exist\u0103 anumite gen\u021bi pe care ar trebui s\u0103 le evit cu o fust\u0103 lung\u0103?<\/strong> Gen\u021bile mari \u0219i voluminoase pot \u00eengreuna aspectul. Opteaz\u0103 pentru modele mai elegante.<\/li>\n<li><strong>Cum \u00eemi aranjez fusta lung\u0103 pentru iarn\u0103?<\/strong> Combin\u0103-l cu un pulover c\u0103lduros, cizme lungi \u0219i o e\u0219arf\u0103 groas\u0103 pentru un plus de stil \u0219i confort.<\/li>\n<li><strong>Care sunt cele mai bune bijuterii de asortat cu o fust\u0103 lung\u0103?<\/strong> Depinde de ocazie. Pentru \u021binute casual, bijuteriile subtile sunt ideale, \u00een timp ce pentru evenimente elegante, bijuteriile statement sunt mai potrivite.<\/li>\n<li><strong>Pot purta o fust\u0103 lung\u0103 la un eveniment formal?<\/strong> Absolut! Alege o \u021bes\u0103tur\u0103 elegant\u0103 \u0219i asorteaz-o cu tocuri frumoase \u0219i bijuterii.<\/li>\n<\/ul>","protected":false},"excerpt":{"rendered":"<p>Fustele lungi sunt mai mult dec\u00e2t o simpl\u0103 declara\u021bie de mod\u0103; sunt o declara\u021bie de stil \u0219i personalitate. Purtarea unei fuste lungi nu ofer\u0103 doar confort, ci \u0219i oportunitatea <a class=\"more-link\" href=\"https:\/\/kabbalahcentrum.nl\/ro\/met-welke-accessoires-combineer-je-een-lange-rok\/\">[ . . . ]<\/a><\/p>","protected":false},"author":3,"featured_media":76,"comment_status":"open","ping_status":"open","sticky":false,"template":"","format":"standard","meta":{"_acf_changed":false,"footnotes":""},"categories":[1],"tags":[],"class_list":["post-90","post","type-post","status-publish","format-standard","has-post-thumbnail","hentry","category-artikelen"],"acf":[],"yoast_head":"<!-- This site is optimized with the Yoast SEO plugin v23.2 - https:\/\/yoast.com\/wordpress\/plugins\/seo\/ -->\n<title>Met welke accessoires combineer je een lange rok? | Stijlvolle tips en inspiratie<\/title>\n<meta name=\"description\" content=\"Ontdek hoe je lange rokken kunt combineren met de juiste accessoires voor elke gelegenheid. Stijlvol en veelzijdig!\" \/>\n<meta name=\"robots\" content=\"index, follow, max-snippet:-1, max-image-preview:large, max-video-preview:-1\" \/>\n<link rel=\"canonical\" href=\"https:\/\/kabbalahcentrum.nl\/ro\/met-welke-accessoires-combineer-je-een-lange-rok\/\" \/>\n<meta property=\"og:locale\" content=\"ro_RO\" \/>\n<meta property=\"og:type\" content=\"article\" \/>\n<meta property=\"og:title\" content=\"Met welke accessoires combineer je een lange rok? | Stijlvolle tips en inspiratie\" \/>\n<meta property=\"og:description\" content=\"Ontdek hoe je lange rokken kunt combineren met de juiste accessoires voor elke gelegenheid. Stijlvol en veelzijdig!\" \/>\n<meta property=\"og:url\" content=\"https:\/\/kabbalahcentrum.nl\/ro\/met-welke-accessoires-combineer-je-een-lange-rok\/\" \/>\n<meta property=\"og:site_name\" content=\"kabbalahcentrum.nl\" \/>\n<meta property=\"article:published_time\" content=\"2025-02-22T00:00:00+00:00\" \/>\n<meta property=\"article:modified_time\" content=\"2025-04-02T09:50:25+00:00\" \/>\n<meta property=\"og:image\" content=\"https:\/\/kabbalahcentrum.nl\/wp-content\/uploads\/2025\/02\/image7164d853ca6a4a389a9b419620a49d86.png\" \/>\n\t<meta property=\"og:image:width\" content=\"1024\" \/>\n\t<meta property=\"og:image:height\" content=\"768\" \/>\n\t<meta property=\"og:image:type\" content=\"image\/png\" \/>\n<meta name=\"author\" content=\"Evi Bos\" \/>\n<meta name=\"twitter:card\" content=\"summary_large_image\" \/>\n<meta name=\"twitter:label1\" content=\"Scris de\" \/>\n\t<meta name=\"twitter:data1\" content=\"Evi Bos\" \/>\n\t<meta name=\"twitter:label2\" content=\"Timp estimat pentru citire\" \/>\n\t<meta name=\"twitter:data2\" content=\"3 minute\" \/>\n<script type=\"application\/ld+json\" class=\"yoast-schema-graph\">{\"@context\":\"https:\/\/schema.org\",\"@graph\":[{\"@type\":\"WebPage\",\"@id\":\"https:\/\/kabbalahcentrum.nl\/met-welke-accessoires-combineer-je-een-lange-rok\/\",\"url\":\"https:\/\/kabbalahcentrum.nl\/met-welke-accessoires-combineer-je-een-lange-rok\/\",\"name\":\"Met welke accessoires combineer je een lange rok? | Stijlvolle tips en inspiratie\",\"isPartOf\":{\"@id\":\"https:\/\/kabbalahcentrum.nl\/#website\"},\"primaryImageOfPage\":{\"@id\":\"https:\/\/kabbalahcentrum.nl\/met-welke-accessoires-combineer-je-een-lange-rok\/#primaryimage\"},\"image\":{\"@id\":\"https:\/\/kabbalahcentrum.nl\/met-welke-accessoires-combineer-je-een-lange-rok\/#primaryimage\"},\"thumbnailUrl\":\"https:\/\/kabbalahcentrum.nl\/wp-content\/uploads\/2025\/02\/image7164d853ca6a4a389a9b419620a49d86.png\",\"datePublished\":\"2025-02-22T00:00:00+00:00\",\"dateModified\":\"2025-04-02T09:50:25+00:00\",\"author\":{\"@id\":\"https:\/\/kabbalahcentrum.nl\/#\/schema\/person\/35f7592831d4fa6f0d9c1a50d2c29e81\"},\"description\":\"Ontdek hoe je lange rokken kunt combineren met de juiste accessoires voor elke gelegenheid. Stijlvol en veelzijdig!\",\"breadcrumb\":{\"@id\":\"https:\/\/kabbalahcentrum.nl\/met-welke-accessoires-combineer-je-een-lange-rok\/#breadcrumb\"},\"inLanguage\":\"ro-RO\",\"potentialAction\":[{\"@type\":\"ReadAction\",\"target\":[\"https:\/\/kabbalahcentrum.nl\/met-welke-accessoires-combineer-je-een-lange-rok\/\"]}]},{\"@type\":\"ImageObject\",\"inLanguage\":\"ro-RO\",\"@id\":\"https:\/\/kabbalahcentrum.nl\/met-welke-accessoires-combineer-je-een-lange-rok\/#primaryimage\",\"url\":\"https:\/\/kabbalahcentrum.nl\/wp-content\/uploads\/2025\/02\/image7164d853ca6a4a389a9b419620a49d86.png\",\"contentUrl\":\"https:\/\/kabbalahcentrum.nl\/wp-content\/uploads\/2025\/02\/image7164d853ca6a4a389a9b419620a49d86.png\",\"width\":1024,\"height\":768},{\"@type\":\"BreadcrumbList\",\"@id\":\"https:\/\/kabbalahcentrum.nl\/met-welke-accessoires-combineer-je-een-lange-rok\/#breadcrumb\",\"itemListElement\":[{\"@type\":\"ListItem\",\"position\":1,\"name\":\"Home\",\"item\":\"https:\/\/kabbalahcentrum.nl\/\"},{\"@type\":\"ListItem\",\"position\":2,\"name\":\"Met welke accessoires combineer je een lange rok?\"}]},{\"@type\":\"WebSite\",\"@id\":\"https:\/\/kabbalahcentrum.nl\/#website\",\"url\":\"https:\/\/kabbalahcentrum.nl\/\",\"name\":\"kabbalahcentrum.nl\",\"description\":\"Blijf stijlvol met mode-inspiratie, trends en tips voor de perfecte outfit\",\"potentialAction\":[{\"@type\":\"SearchAction\",\"target\":{\"@type\":\"EntryPoint\",\"urlTemplate\":\"https:\/\/kabbalahcentrum.nl\/?s={search_term_string}\"},\"query-input\":\"required name=search_term_string\"}],\"inLanguage\":\"ro-RO\"},{\"@type\":\"Person\",\"@id\":\"https:\/\/kabbalahcentrum.nl\/#\/schema\/person\/35f7592831d4fa6f0d9c1a50d2c29e81\",\"name\":\"Evi Bos\",\"image\":{\"@type\":\"ImageObject\",\"inLanguage\":\"ro-RO\",\"@id\":\"https:\/\/kabbalahcentrum.nl\/#\/schema\/person\/image\/\",\"url\":\"https:\/\/kabbalahcentrum.nl\/wp-content\/uploads\/2025\/02\/evi-bos_avatar-96x96.jpg\",\"contentUrl\":\"https:\/\/kabbalahcentrum.nl\/wp-content\/uploads\/2025\/02\/evi-bos_avatar-96x96.jpg\",\"caption\":\"Evi Bos\"},\"description\":\"Evi Bos is een ervaren mode-professional uit Den Haag met twaalf jaar expertise als stylist, schrijver en modeadviseur. Zij ziet mode als een krachtig middel voor zelfexpressie en zelfvertrouwen, met een focus op duurzaamheid en het helpen van mensen bij het ontdekken van hun unieke persoonlijke stijl.\",\"url\":\"https:\/\/kabbalahcentrum.nl\/ro\/author\/evi-bos\/\"}]}<\/script>\n<!-- \/ Yoast SEO plugin. -->","yoast_head_json":{"title":"Met welke accessoires combineer je een lange rok? | Stijlvolle tips en inspiratie","description":"Ontdek hoe je lange rokken kunt combineren met de juiste accessoires voor elke gelegenheid. Stijlvol en veelzijdig!","robots":{"index":"index","follow":"follow","max-snippet":"max-snippet:-1","max-image-preview":"max-image-preview:large","max-video-preview":"max-video-preview:-1"},"canonical":"https:\/\/kabbalahcentrum.nl\/ro\/met-welke-accessoires-combineer-je-een-lange-rok\/","og_locale":"ro_RO","og_type":"article","og_title":"Met welke accessoires combineer je een lange rok? | Stijlvolle tips en inspiratie","og_description":"Ontdek hoe je lange rokken kunt combineren met de juiste accessoires voor elke gelegenheid. Stijlvol en veelzijdig!","og_url":"https:\/\/kabbalahcentrum.nl\/ro\/met-welke-accessoires-combineer-je-een-lange-rok\/","og_site_name":"kabbalahcentrum.nl","article_published_time":"2025-02-22T00:00:00+00:00","article_modified_time":"2025-04-02T09:50:25+00:00","og_image":[{"width":1024,"height":768,"url":"https:\/\/kabbalahcentrum.nl\/wp-content\/uploads\/2025\/02\/image7164d853ca6a4a389a9b419620a49d86.png","type":"image\/png"}],"author":"Evi Bos","twitter_card":"summary_large_image","twitter_misc":{"Scris de":"Evi Bos","Timp estimat pentru citire":"3 minute"},"schema":{"@context":"https:\/\/schema.org","@graph":[{"@type":"WebPage","@id":"https:\/\/kabbalahcentrum.nl\/met-welke-accessoires-combineer-je-een-lange-rok\/","url":"https:\/\/kabbalahcentrum.nl\/met-welke-accessoires-combineer-je-een-lange-rok\/","name":"Met welke accessoires combineer je een lange rok? | Stijlvolle tips en inspiratie","isPartOf":{"@id":"https:\/\/kabbalahcentrum.nl\/#website"},"primaryImageOfPage":{"@id":"https:\/\/kabbalahcentrum.nl\/met-welke-accessoires-combineer-je-een-lange-rok\/#primaryimage"},"image":{"@id":"https:\/\/kabbalahcentrum.nl\/met-welke-accessoires-combineer-je-een-lange-rok\/#primaryimage"},"thumbnailUrl":"https:\/\/kabbalahcentrum.nl\/wp-content\/uploads\/2025\/02\/image7164d853ca6a4a389a9b419620a49d86.png","datePublished":"2025-02-22T00:00:00+00:00","dateModified":"2025-04-02T09:50:25+00:00","author":{"@id":"https:\/\/kabbalahcentrum.nl\/#\/schema\/person\/35f7592831d4fa6f0d9c1a50d2c29e81"},"description":"Ontdek hoe je lange rokken kunt combineren met de juiste accessoires voor elke gelegenheid. Stijlvol en veelzijdig!","breadcrumb":{"@id":"https:\/\/kabbalahcentrum.nl\/met-welke-accessoires-combineer-je-een-lange-rok\/#breadcrumb"},"inLanguage":"ro-RO","potentialAction":[{"@type":"ReadAction","target":["https:\/\/kabbalahcentrum.nl\/met-welke-accessoires-combineer-je-een-lange-rok\/"]}]},{"@type":"ImageObject","inLanguage":"ro-RO","@id":"https:\/\/kabbalahcentrum.nl\/met-welke-accessoires-combineer-je-een-lange-rok\/#primaryimage","url":"https:\/\/kabbalahcentrum.nl\/wp-content\/uploads\/2025\/02\/image7164d853ca6a4a389a9b419620a49d86.png","contentUrl":"https:\/\/kabbalahcentrum.nl\/wp-content\/uploads\/2025\/02\/image7164d853ca6a4a389a9b419620a49d86.png","width":1024,"height":768},{"@type":"BreadcrumbList","@id":"https:\/\/kabbalahcentrum.nl\/met-welke-accessoires-combineer-je-een-lange-rok\/#breadcrumb","itemListElement":[{"@type":"ListItem","position":1,"name":"Home","item":"https:\/\/kabbalahcentrum.nl\/"},{"@type":"ListItem","position":2,"name":"Met welke accessoires combineer je een lange rok?"}]},{"@type":"WebSite","@id":"https:\/\/kabbalahcentrum.nl\/#website","url":"https:\/\/kabbalahcentrum.nl\/","name":"kabbalahcentrum.nl","description":"Blijf stijlvol met mode-inspiratie, trends en tips voor de perfecte outfit","potentialAction":[{"@type":"SearchAction","target":{"@type":"EntryPoint","urlTemplate":"https:\/\/kabbalahcentrum.nl\/?s={search_term_string}"},"query-input":"required name=search_term_string"}],"inLanguage":"ro-RO"},{"@type":"Person","@id":"https:\/\/kabbalahcentrum.nl\/#\/schema\/person\/35f7592831d4fa6f0d9c1a50d2c29e81","name":"Evi Bos","image":{"@type":"ImageObject","inLanguage":"ro-RO","@id":"https:\/\/kabbalahcentrum.nl\/#\/schema\/person\/image\/","url":"https:\/\/kabbalahcentrum.nl\/wp-content\/uploads\/2025\/02\/evi-bos_avatar-96x96.jpg","contentUrl":"https:\/\/kabbalahcentrum.nl\/wp-content\/uploads\/2025\/02\/evi-bos_avatar-96x96.jpg","caption":"Evi Bos"},"description":"Evi Bos is een ervaren mode-professional uit Den Haag met twaalf jaar expertise als stylist, schrijver en modeadviseur. Zij ziet mode als een krachtig middel voor zelfexpressie en zelfvertrouwen, met een focus op duurzaamheid en het helpen van mensen bij het ontdekken van hun unieke persoonlijke stijl.","url":"https:\/\/kabbalahcentrum.nl\/ro\/author\/evi-bos\/"}]}},"yoast_meta":{"yoast_wpseo_title":"","yoast_wpseo_metadesc":"","yoast_wpseo_canonical":"https:\/\/kabbalahcentrum.nl\/ro\/wp-json\/wp\/v2\/posts\/90"},"_links":{"self":[{"href":"https:\/\/kabbalahcentrum.nl\/ro\/wp-json\/wp\/v2\/posts\/90","targetHints":{"allow":["GET"]}}],"collection":[{"href":"https:\/\/kabbalahcentrum.nl\/ro\/wp-json\/wp\/v2\/posts"}],"about":[{"href":"https:\/\/kabbalahcentrum.nl\/ro\/wp-json\/wp\/v2\/types\/post"}],"author":[{"embeddable":true,"href":"https:\/\/kabbalahcentrum.nl\/ro\/wp-json\/wp\/v2\/users\/3"}],"replies":[{"embeddable":true,"href":"https:\/\/kabbalahcentrum.nl\/ro\/wp-json\/wp\/v2\/comments?post=90"}],"version-history":[{"count":2,"href":"https:\/\/kabbalahcentrum.nl\/ro\/wp-json\/wp\/v2\/posts\/90\/revisions"}],"predecessor-version":[{"id":175,"href":"https:\/\/kabbalahcentrum.nl\/ro\/wp-json\/wp\/v2\/posts\/90\/revisions\/175"}],"wp:featuredmedia":[{"embeddable":true,"href":"https:\/\/kabbalahcentrum.nl\/ro\/wp-json\/wp\/v2\/media\/76"}],"wp:attachment":[{"href":"https:\/\/kabbalahcentrum.nl\/ro\/wp-json\/wp\/v2\/media?parent=90"}],"wp:term":[{"taxonomy":"category","embeddable":true,"href":"https:\/\/kabbalahcentrum.nl\/ro\/wp-json\/wp\/v2\/categories?post=90"},{"taxonomy":"post_tag","embeddable":true,"href":"https:\/\/kabbalahcentrum.nl\/ro\/wp-json\/wp\/v2\/tags?post=90"}],"curies":[{"name":"wp","href":"https:\/\/api.w.org\/{rel}","templated":true}]}}