{"id":218,"date":"2025-04-12T00:00:00","date_gmt":"2025-04-11T23:00:00","guid":{"rendered":"https:\/\/kabbalahcentrum.nl\/?p=218"},"modified":"2025-04-12T00:00:00","modified_gmt":"2025-04-11T23:00:00","slug":"het-combineren-van-een-zwarte-broek-met-een-denim-jack","status":"publish","type":"post","link":"https:\/\/kabbalahcentrum.nl\/ro\/het-combineren-van-een-zwarte-broek-met-een-denim-jack\/","title":{"rendered":"Cum s\u0103 combini pantalonii negri cu o jachet\u0103 din denim"},"content":{"rendered":"<div class=\"kk-star-ratings kksr-auto kksr-align-left kksr-valign-top\"\n    data-payload='{&quot;align&quot;:&quot;left&quot;,&quot;id&quot;:&quot;218&quot;,&quot;slug&quot;:&quot;default&quot;,&quot;valign&quot;:&quot;top&quot;,&quot;ignore&quot;:&quot;&quot;,&quot;reference&quot;:&quot;auto&quot;,&quot;class&quot;:&quot;&quot;,&quot;count&quot;:&quot;0&quot;,&quot;legendonly&quot;:&quot;&quot;,&quot;readonly&quot;:&quot;&quot;,&quot;score&quot;:&quot;0&quot;,&quot;starsonly&quot;:&quot;&quot;,&quot;best&quot;:&quot;5&quot;,&quot;gap&quot;:&quot;5&quot;,&quot;greet&quot;:&quot;Rate this post&quot;,&quot;legend&quot;:&quot;0\\\/5 - (0 votes)&quot;,&quot;size&quot;:&quot;24&quot;,&quot;title&quot;:&quot;Het combineren van een zwarte broek met een denim jack&quot;,&quot;width&quot;:&quot;0&quot;,&quot;_legend&quot;:&quot;{score}\\\/{best} - ({count} {votes})&quot;,&quot;font_factor&quot;:&quot;1.25&quot;}'>\n            \n<div class=\"kksr-stars\">\n    \n<div class=\"kksr-stars-inactive\">\n            <div class=\"kksr-star\" data-star=\"1\" style=\"padding-right: 5px\">\n            \n\n<div class=\"kksr-icon\" style=\"width: 24px; height: 24px;\"><\/div>\n        <\/div>\n            <div class=\"kksr-star\" data-star=\"2\" style=\"padding-right: 5px\">\n            \n\n<div class=\"kksr-icon\" style=\"width: 24px; height: 24px;\"><\/div>\n        <\/div>\n            <div class=\"kksr-star\" data-star=\"3\" style=\"padding-right: 5px\">\n            \n\n<div class=\"kksr-icon\" style=\"width: 24px; height: 24px;\"><\/div>\n        <\/div>\n            <div class=\"kksr-star\" data-star=\"4\" style=\"padding-right: 5px\">\n            \n\n<div class=\"kksr-icon\" style=\"width: 24px; height: 24px;\"><\/div>\n        <\/div>\n            <div class=\"kksr-star\" data-star=\"5\" style=\"padding-right: 5px\">\n            \n\n<div class=\"kksr-icon\" style=\"width: 24px; height: 24px;\"><\/div>\n        <\/div>\n    <\/div>\n    \n<div class=\"kksr-stars-active\" style=\"width: 0px;\">\n            <div class=\"kksr-star\" style=\"padding-right: 5px\">\n            \n\n<div class=\"kksr-icon\" style=\"width: 24px; height: 24px;\"><\/div>\n        <\/div>\n            <div class=\"kksr-star\" style=\"padding-right: 5px\">\n            \n\n<div class=\"kksr-icon\" style=\"width: 24px; height: 24px;\"><\/div>\n        <\/div>\n            <div class=\"kksr-star\" style=\"padding-right: 5px\">\n            \n\n<div class=\"kksr-icon\" style=\"width: 24px; height: 24px;\"><\/div>\n        <\/div>\n            <div class=\"kksr-star\" style=\"padding-right: 5px\">\n            \n\n<div class=\"kksr-icon\" style=\"width: 24px; height: 24px;\"><\/div>\n        <\/div>\n            <div class=\"kksr-star\" style=\"padding-right: 5px\">\n            \n\n<div class=\"kksr-icon\" style=\"width: 24px; height: 24px;\"><\/div>\n        <\/div>\n    <\/div>\n<\/div>\n                \n\n<div class=\"kksr-legend\" style=\"font-size: 19.2px;\">\n            <span class=\"kksr-muted\">Evalueaz\u0103 aceast\u0103 postare<\/span>\n    <\/div>\n    <\/div>\n<p>Combina\u021bia dintre pantaloni negri \u0219i o jachet\u0103 din denim nu este doar la mod\u0103, ci \u0219i incredibil de versatil\u0103. \u00cen lumea modei, exist\u0103 exemple rare de \u021binute care ofer\u0103 at\u00e2t de multe posibilit\u0103\u021bi. Vestea bun\u0103 este c\u0103 aceast\u0103 combina\u021bie este accesibil\u0103 tuturor, fie c\u0103 mergi la o \u00eent\u00e2lnire casual sau la o cin\u0103 elegant\u0103. Aceast\u0103 \u021binut\u0103 ofer\u0103 oportunitatea de a-\u021bi exprima creativitatea, cu nenum\u0103rate accesorii \u0219i stiluri pe care le po\u021bi aplica. \u00cen acest articol, oferim numeroase perspective \u0219i sfaturi despre cum s\u0103 combini aceste dou\u0103 elemente esen\u021biale pentru un look elegant care se potrive\u0219te personalit\u0103\u021bii tale unice.<\/p>\n<p>Pe m\u0103sur\u0103 ce cite\u0219ti acest articol, fii atent la detalii. Vom discuta despre beneficiile at\u00e2t ale pantalonilor negri, c\u00e2t \u0219i ale jachetelor din denim, \u0219i cum s\u0103 le stilizezi. Aceasta este oportunitatea perfect\u0103 de a-\u021bi \u00eembun\u0103t\u0103\u021bi stilul vestimentar \u0219i vei fi uimit\u0103 de versatilitatea acestei combina\u021bii. De la casual la \u0219ic, vom acoperi toate posibilit\u0103\u021bile, cu sfaturi valoroase pentru a-\u021bi completa \u021binuta.<\/p>\n<h2>De ce s\u0103 alegi pantaloni negri?<\/h2>\n<p><img decoding=\"async\" alt=\"Een jonge man in een denim jas poseert in een moderne caf\u00e9-omgeving met houten meubels.\" src=\"https:\/\/kabbalahcentrum.nl\/wp-content\/uploads\/2025\/04\/image4350111f5d164209bfd951ccce139642.png\"\/><\/p>\n<p>Pantalonii negri sunt, f\u0103r\u0103 \u00eendoial\u0103, o pies\u0103 esen\u021bial\u0103 a oric\u0103rei garderobe. Aceast\u0103 pies\u0103 vestimentar\u0103 este atemporal\u0103 \u0219i poate fi purtat\u0103 \u00een diverse circumstan\u021be. Versatilitatea pantalonilor negri face u\u0219oar\u0103 combinarea \u0219i asortarea stilurilor, f\u0103r\u0103 a se demoda niciodat\u0103. Iat\u0103 c\u00e2teva beneficii ale purt\u0103rii pantalonilor negri:<\/p>\n<ul>\n<li><strong>Invincibil \u00een stil:<\/strong> Negrul se potrive\u0219te cu aproape orice \u0219i poate fi purtat at\u00e2t casual, c\u00e2t \u0219i elegant.<\/li>\n<li><strong>Diverse materiale:<\/strong> Po\u021bi alege dintre blugi, materiale elastice \u0219i piele, oferind o op\u021biune excelent\u0103 pentru orice ocazie.<\/li>\n<li><strong>M\u0103gulitor:<\/strong> Negrul are un efect mai sub\u021bire \u0219i, prin urmare, este o alegere popular\u0103 pentru mul\u021bi.<\/li>\n<\/ul>\n<h2>Jacheta din denim: un clasic al modei<\/h2>\n<p><img decoding=\"async\" alt=\"Een stelletje wandelt hand in hand door een park vol herfstbladeren, gekleed in casual denim en zwarte outfits.\" src=\"https:\/\/kabbalahcentrum.nl\/wp-content\/uploads\/2025\/04\/image7bbd2e67e15b48eb9f1aa925aa24226b.png\"\/><\/p>\n<p>O jachet\u0103 din denim este completarea perfect\u0103 a pantalonilor negri. Aceast\u0103 pies\u0103 vestimentar\u0103 aduce o not\u0103 casual, dar elegant\u0103, oric\u0103rei \u021binute. Jacheta din denim nu este doar o tendin\u021b\u0103 \u00een mod\u0103, ci \u0219i o pies\u0103 practic\u0103 ce poate fi combinat\u0103 \u00een diferite sezoane. Mai jos sunt c\u00e2teva stiluri populare de jachete din denim pe care le pute\u021bi lua \u00een considerare:<\/p>\n<ul>\n<li><strong>Blugi lumino\u0219i:<\/strong> Ideal pentru prim\u0103var\u0103 \u0219i var\u0103, te men\u021bine r\u0103coros.<\/li>\n<li><strong>Blugi \u00eenchisi la culoare:<\/strong> Aceasta ofer\u0103 un aspect mai \u0219ic, perfect pentru o sear\u0103 \u00een ora\u0219.<\/li>\n<li><strong>Uzat sau deteriorat:<\/strong> Pentru un look modern, street style, ideal pentru evenimente casual.<\/li>\n<\/ul>\n<p>C\u00e2nd ne uit\u0103m la combina\u021bia dintre pantaloni negri \u0219i o jachet\u0103 din denim, este u\u0219or de observat cum aceste articole par s\u0103 se potriveasc\u0103 f\u0103r\u0103 efort. Ele ofer\u0103 un contrast frumos \u00een stil \u0219i culoare, rezult\u00e2nd o \u021binut\u0103 at\u00e2t interesant\u0103, c\u00e2t \u0219i atractiv\u0103. Dar cum creezi look-ul perfect?<\/p>\n<h2>Cum s\u0103 creezi aspectul perfect<\/h2>\n<p>Pentru a \u00eencepe s\u0103 asortezi pantaloni negri cu o jachet\u0103 din denim, este important s\u0103 te g\u00e2nde\u0219ti la ce fel de look vrei s\u0103 ob\u021bii. Po\u021bi opta pentru o \u021binut\u0103 casual sau un ansamblu elegant. Iat\u0103 c\u00e2teva sugestii pentru a crea ambele:<\/p>\n<table border=\"1\">\n<tr>\n<th>Tip de aspect<\/th>\n<th>Sugestii de \u021binute<\/th>\n<\/tr>\n<tr>\n<td>Casual<\/td>\n<td>Combin\u0103 blugi skinny negri cu un tricou simplu \u0219i o jachet\u0103 de denim. Adaug\u0103 pantofi sport pentru un look relaxat.<\/td>\n<\/tr>\n<tr>\n<td>\u015eic<\/td>\n<td>Opteaz\u0103 pentru pantaloni negri confec\u021biona\u021bi dintr-un material luxos, cum ar fi catifeaua sau m\u0103tasea, \u0219i poart\u0103-i cu o bluz\u0103 elegant\u0103 \u0219i o jachet\u0103 din denim.<\/td>\n<\/tr>\n<\/table>\n<p>O parte din ceea ce face ca aceste \u021binute s\u0103 func\u021bioneze este contrastul dintre stiluri \u0219i texturi. \u00cembr\u0103c\u0103mintea casual ofer\u0103 o senza\u021bie relaxat\u0103, \u00een timp ce o \u021binut\u0103 \u0219ic ofer\u0103 un aspect mai elegant. Fiecare combina\u021bie poate fi \u00eembun\u0103t\u0103\u021bit\u0103 \u0219i mai mult prin accesorii.<\/p>\n<h2>Accesorii de luat \u00een considerare<\/h2>\n<p>Accesoriile potrivite pot duce cu adev\u0103rat \u021binuta ta la nivelul urm\u0103tor. G\u00e2nde\u0219te-te la ce ai vrea s\u0103 adaugi pentru a completa aspectul. Iat\u0103 c\u00e2teva accesorii esen\u021biale de luat \u00een considerare:<\/p>\n<ul>\n<li><strong>Pantofi:<\/strong> Teni\u0219i pentru \u021binute casual sau botine pentru un look \u0219ic.<\/li>\n<li><strong>Gen\u021bi:<\/strong> O geant\u0103 statement poate completa o \u021binut\u0103 \u0219i poate atrage aten\u021bia.<\/li>\n<li><strong>Bijuterii:<\/strong> Bijuteriile minimaliste ofer\u0103 o not\u0103 rafinat\u0103 \u021binutei tale.<\/li>\n<\/ul>\n<h2>Concluzie<\/h2>\n<p>Asortarea unor pantaloni negri cu o jachet\u0103 din denim este o alegere vestimentar\u0103 care ofer\u0103 at\u00e2t stil, c\u00e2t \u0219i confort. Posibilit\u0103\u021bile de a stiliza aceast\u0103 \u021binut\u0103 sunt nelimitate \u0219i ofer\u0103 spa\u021biu pentru creativitate \u0219i exprimare personal\u0103. Fie c\u0103 optezi pentru un look casual sau elegant, aceast\u0103 combina\u021bie este versatil\u0103 \u0219i poate fi adaptat\u0103 oric\u0103rei ocazii. Experimenteaz\u0103 cu diferite stiluri, accesorii \u0219i chiar culori pentru a crea un look unic, perfect pentru tine!<\/p>\n<h2>\u00centreb\u0103ri frecvente<\/h2>\n<ul>\n<li><strong>Ce tip de pantaloni negri pot combina cel mai bine cu o jachet\u0103 de blugi?<\/strong> Pantalonii skinny, drep\u021bi sau chiar din piele se potrivesc bine cu o jachet\u0103 din denim, \u00een func\u021bie de look-ul dorit.<\/li>\n<li><strong>Ar trebui s\u0103 iau \u00een considerare culoarea denimului jachetei?<\/strong> Da, un contrast \u00eentre pantalonii negri \u0219i geaca din denim poate face \u021binuta mai interesant\u0103.<\/li>\n<li><strong>Ce fel de pantofi se potrivesc bine cu aceast\u0103 combina\u021bie?<\/strong> Teni\u0219ii pentru \u021binute casual sau botinele pentru un look \u0219ic sunt ambele alegeri bune.<\/li>\n<li><strong>Pot purta aceast\u0103 \u021binut\u0103 \u0219i iarna?<\/strong> Absolut! Adaug\u0103 un pulover sau o e\u0219arf\u0103 mai c\u0103lduroas\u0103 pentru a purta haine mai groase \u00een lunile reci.<\/li>\n<li><strong>Exist\u0103 anumite imprimeuri sau modele pe care le pot combina?<\/strong> Da, imprimeurile precum dungile sau modelele grafice simple pot crea un contrast frumos cu pantalonii negri \u0219i jacheta din denim.<\/li>\n<\/ul>","protected":false},"excerpt":{"rendered":"<p>Combina\u021bia dintre pantaloni negri \u0219i o jachet\u0103 din denim nu este doar la mod\u0103, ci \u0219i incredibil de versatil\u0103. \u00cen lumea modei, exist\u0103 exemple rare de \u021binute care sunt at\u00e2t de... <a class=\"more-link\" href=\"https:\/\/kabbalahcentrum.nl\/ro\/het-combineren-van-een-zwarte-broek-met-een-denim-jack\/\">[ . . . ]<\/a><\/p>","protected":false},"author":1,"featured_media":195,"comment_status":"closed","ping_status":"closed","sticky":false,"template":"","format":"standard","meta":{"_acf_changed":false,"footnotes":""},"categories":[1],"tags":[],"class_list":["post-218","post","type-post","status-publish","format-standard","has-post-thumbnail","hentry","category-artikelen"],"acf":[],"yoast_head":"<!-- This site is optimized with the Yoast SEO plugin v23.2 - https:\/\/yoast.com\/wordpress\/plugins\/seo\/ -->\n<title>Stijlvol en Veelzijdig: Zo Combineer Je een Zwarte Broek met een Denim Jack<\/title>\n<meta name=\"description\" content=\"Ontdek de perfecte manieren om een zwarte broek met een denim jack te combineren voor elke gelegenheid. Stijlvol en trendy!\" \/>\n<meta name=\"robots\" content=\"index, follow, max-snippet:-1, max-image-preview:large, max-video-preview:-1\" \/>\n<link rel=\"canonical\" href=\"https:\/\/kabbalahcentrum.nl\/ro\/het-combineren-van-een-zwarte-broek-met-een-denim-jack\/\" \/>\n<meta property=\"og:locale\" content=\"ro_RO\" \/>\n<meta property=\"og:type\" content=\"article\" \/>\n<meta property=\"og:title\" content=\"Stijlvol en Veelzijdig: Zo Combineer Je een Zwarte Broek met een Denim Jack\" \/>\n<meta property=\"og:description\" content=\"Ontdek de perfecte manieren om een zwarte broek met een denim jack te combineren voor elke gelegenheid. Stijlvol en trendy!\" \/>\n<meta property=\"og:url\" content=\"https:\/\/kabbalahcentrum.nl\/ro\/het-combineren-van-een-zwarte-broek-met-een-denim-jack\/\" \/>\n<meta property=\"og:site_name\" content=\"kabbalahcentrum.nl\" \/>\n<meta property=\"article:published_time\" content=\"2025-04-11T23:00:00+00:00\" \/>\n<meta property=\"og:image\" content=\"https:\/\/kabbalahcentrum.nl\/wp-content\/uploads\/2025\/04\/image7440af291e644f0399329d9e07ab4268.png\" \/>\n\t<meta property=\"og:image:width\" content=\"1024\" \/>\n\t<meta property=\"og:image:height\" content=\"768\" \/>\n\t<meta property=\"og:image:type\" content=\"image\/png\" \/>\n<meta name=\"author\" content=\"Mila Hendriks\" \/>\n<meta name=\"twitter:card\" content=\"summary_large_image\" \/>\n<meta name=\"twitter:label1\" content=\"Scris de\" \/>\n\t<meta name=\"twitter:data1\" content=\"Mila Hendriks\" \/>\n\t<meta name=\"twitter:label2\" content=\"Timp estimat pentru citire\" \/>\n\t<meta name=\"twitter:data2\" content=\"4 minute\" \/>\n<script type=\"application\/ld+json\" class=\"yoast-schema-graph\">{\"@context\":\"https:\/\/schema.org\",\"@graph\":[{\"@type\":\"WebPage\",\"@id\":\"https:\/\/kabbalahcentrum.nl\/het-combineren-van-een-zwarte-broek-met-een-denim-jack\/\",\"url\":\"https:\/\/kabbalahcentrum.nl\/het-combineren-van-een-zwarte-broek-met-een-denim-jack\/\",\"name\":\"Stijlvol en Veelzijdig: Zo Combineer Je een Zwarte Broek met een Denim Jack\",\"isPartOf\":{\"@id\":\"https:\/\/kabbalahcentrum.nl\/#website\"},\"primaryImageOfPage\":{\"@id\":\"https:\/\/kabbalahcentrum.nl\/het-combineren-van-een-zwarte-broek-met-een-denim-jack\/#primaryimage\"},\"image\":{\"@id\":\"https:\/\/kabbalahcentrum.nl\/het-combineren-van-een-zwarte-broek-met-een-denim-jack\/#primaryimage\"},\"thumbnailUrl\":\"https:\/\/kabbalahcentrum.nl\/wp-content\/uploads\/2025\/04\/image7440af291e644f0399329d9e07ab4268.png\",\"datePublished\":\"2025-04-11T23:00:00+00:00\",\"dateModified\":\"2025-04-11T23:00:00+00:00\",\"author\":{\"@id\":\"https:\/\/kabbalahcentrum.nl\/#\/schema\/person\/3253c2ca9a3de5caea5f0805c11aacf6\"},\"description\":\"Ontdek de perfecte manieren om een zwarte broek met een denim jack te combineren voor elke gelegenheid. Stijlvol en trendy!\",\"breadcrumb\":{\"@id\":\"https:\/\/kabbalahcentrum.nl\/het-combineren-van-een-zwarte-broek-met-een-denim-jack\/#breadcrumb\"},\"inLanguage\":\"ro-RO\",\"potentialAction\":[{\"@type\":\"ReadAction\",\"target\":[\"https:\/\/kabbalahcentrum.nl\/het-combineren-van-een-zwarte-broek-met-een-denim-jack\/\"]}]},{\"@type\":\"ImageObject\",\"inLanguage\":\"ro-RO\",\"@id\":\"https:\/\/kabbalahcentrum.nl\/het-combineren-van-een-zwarte-broek-met-een-denim-jack\/#primaryimage\",\"url\":\"https:\/\/kabbalahcentrum.nl\/wp-content\/uploads\/2025\/04\/image7440af291e644f0399329d9e07ab4268.png\",\"contentUrl\":\"https:\/\/kabbalahcentrum.nl\/wp-content\/uploads\/2025\/04\/image7440af291e644f0399329d9e07ab4268.png\",\"width\":1024,\"height\":768},{\"@type\":\"BreadcrumbList\",\"@id\":\"https:\/\/kabbalahcentrum.nl\/het-combineren-van-een-zwarte-broek-met-een-denim-jack\/#breadcrumb\",\"itemListElement\":[{\"@type\":\"ListItem\",\"position\":1,\"name\":\"Home\",\"item\":\"https:\/\/kabbalahcentrum.nl\/\"},{\"@type\":\"ListItem\",\"position\":2,\"name\":\"Het combineren van een zwarte broek met een denim jack\"}]},{\"@type\":\"WebSite\",\"@id\":\"https:\/\/kabbalahcentrum.nl\/#website\",\"url\":\"https:\/\/kabbalahcentrum.nl\/\",\"name\":\"kabbalahcentrum.nl\",\"description\":\"Blijf stijlvol met mode-inspiratie, trends en tips voor de perfecte outfit\",\"potentialAction\":[{\"@type\":\"SearchAction\",\"target\":{\"@type\":\"EntryPoint\",\"urlTemplate\":\"https:\/\/kabbalahcentrum.nl\/?s={search_term_string}\"},\"query-input\":\"required name=search_term_string\"}],\"inLanguage\":\"ro-RO\"},{\"@type\":\"Person\",\"@id\":\"https:\/\/kabbalahcentrum.nl\/#\/schema\/person\/3253c2ca9a3de5caea5f0805c11aacf6\",\"name\":\"Mila Hendriks\",\"image\":{\"@type\":\"ImageObject\",\"inLanguage\":\"ro-RO\",\"@id\":\"https:\/\/kabbalahcentrum.nl\/#\/schema\/person\/image\/\",\"url\":\"https:\/\/kabbalahcentrum.nl\/wp-content\/uploads\/2025\/02\/glwyjpufuj8_ad_avatar-96x96.jpg\",\"contentUrl\":\"https:\/\/kabbalahcentrum.nl\/wp-content\/uploads\/2025\/02\/glwyjpufuj8_ad_avatar-96x96.jpg\",\"caption\":\"Mila Hendriks\"},\"description\":\"Mila Hendriks is een mode-expert uit Rotterdam met meer dan tien jaar ervaring als stylist en mode-journalist. Zij ziet mode als een middel van zelfexpressie, waarbij zij zich richt op duurzaamheid, kwaliteit en het helpen van mensen hun unieke persoonlijke stijl te ontdekken.\",\"url\":\"https:\/\/kabbalahcentrum.nl\/ro\/author\/mila-hendriks\/\"}]}<\/script>\n<!-- \/ Yoast SEO plugin. -->","yoast_head_json":{"title":"Stijlvol en Veelzijdig: Zo Combineer Je een Zwarte Broek met een Denim Jack","description":"Ontdek de perfecte manieren om een zwarte broek met een denim jack te combineren voor elke gelegenheid. Stijlvol en trendy!","robots":{"index":"index","follow":"follow","max-snippet":"max-snippet:-1","max-image-preview":"max-image-preview:large","max-video-preview":"max-video-preview:-1"},"canonical":"https:\/\/kabbalahcentrum.nl\/ro\/het-combineren-van-een-zwarte-broek-met-een-denim-jack\/","og_locale":"ro_RO","og_type":"article","og_title":"Stijlvol en Veelzijdig: Zo Combineer Je een Zwarte Broek met een Denim Jack","og_description":"Ontdek de perfecte manieren om een zwarte broek met een denim jack te combineren voor elke gelegenheid. Stijlvol en trendy!","og_url":"https:\/\/kabbalahcentrum.nl\/ro\/het-combineren-van-een-zwarte-broek-met-een-denim-jack\/","og_site_name":"kabbalahcentrum.nl","article_published_time":"2025-04-11T23:00:00+00:00","og_image":[{"width":1024,"height":768,"url":"https:\/\/kabbalahcentrum.nl\/wp-content\/uploads\/2025\/04\/image7440af291e644f0399329d9e07ab4268.png","type":"image\/png"}],"author":"Mila Hendriks","twitter_card":"summary_large_image","twitter_misc":{"Scris de":"Mila Hendriks","Timp estimat pentru citire":"4 minute"},"schema":{"@context":"https:\/\/schema.org","@graph":[{"@type":"WebPage","@id":"https:\/\/kabbalahcentrum.nl\/het-combineren-van-een-zwarte-broek-met-een-denim-jack\/","url":"https:\/\/kabbalahcentrum.nl\/het-combineren-van-een-zwarte-broek-met-een-denim-jack\/","name":"Stijlvol en Veelzijdig: Zo Combineer Je een Zwarte Broek met een Denim Jack","isPartOf":{"@id":"https:\/\/kabbalahcentrum.nl\/#website"},"primaryImageOfPage":{"@id":"https:\/\/kabbalahcentrum.nl\/het-combineren-van-een-zwarte-broek-met-een-denim-jack\/#primaryimage"},"image":{"@id":"https:\/\/kabbalahcentrum.nl\/het-combineren-van-een-zwarte-broek-met-een-denim-jack\/#primaryimage"},"thumbnailUrl":"https:\/\/kabbalahcentrum.nl\/wp-content\/uploads\/2025\/04\/image7440af291e644f0399329d9e07ab4268.png","datePublished":"2025-04-11T23:00:00+00:00","dateModified":"2025-04-11T23:00:00+00:00","author":{"@id":"https:\/\/kabbalahcentrum.nl\/#\/schema\/person\/3253c2ca9a3de5caea5f0805c11aacf6"},"description":"Ontdek de perfecte manieren om een zwarte broek met een denim jack te combineren voor elke gelegenheid. Stijlvol en trendy!","breadcrumb":{"@id":"https:\/\/kabbalahcentrum.nl\/het-combineren-van-een-zwarte-broek-met-een-denim-jack\/#breadcrumb"},"inLanguage":"ro-RO","potentialAction":[{"@type":"ReadAction","target":["https:\/\/kabbalahcentrum.nl\/het-combineren-van-een-zwarte-broek-met-een-denim-jack\/"]}]},{"@type":"ImageObject","inLanguage":"ro-RO","@id":"https:\/\/kabbalahcentrum.nl\/het-combineren-van-een-zwarte-broek-met-een-denim-jack\/#primaryimage","url":"https:\/\/kabbalahcentrum.nl\/wp-content\/uploads\/2025\/04\/image7440af291e644f0399329d9e07ab4268.png","contentUrl":"https:\/\/kabbalahcentrum.nl\/wp-content\/uploads\/2025\/04\/image7440af291e644f0399329d9e07ab4268.png","width":1024,"height":768},{"@type":"BreadcrumbList","@id":"https:\/\/kabbalahcentrum.nl\/het-combineren-van-een-zwarte-broek-met-een-denim-jack\/#breadcrumb","itemListElement":[{"@type":"ListItem","position":1,"name":"Home","item":"https:\/\/kabbalahcentrum.nl\/"},{"@type":"ListItem","position":2,"name":"Het combineren van een zwarte broek met een denim jack"}]},{"@type":"WebSite","@id":"https:\/\/kabbalahcentrum.nl\/#website","url":"https:\/\/kabbalahcentrum.nl\/","name":"kabbalahcentrum.nl","description":"Blijf stijlvol met mode-inspiratie, trends en tips voor de perfecte outfit","potentialAction":[{"@type":"SearchAction","target":{"@type":"EntryPoint","urlTemplate":"https:\/\/kabbalahcentrum.nl\/?s={search_term_string}"},"query-input":"required name=search_term_string"}],"inLanguage":"ro-RO"},{"@type":"Person","@id":"https:\/\/kabbalahcentrum.nl\/#\/schema\/person\/3253c2ca9a3de5caea5f0805c11aacf6","name":"Mila Hendriks","image":{"@type":"ImageObject","inLanguage":"ro-RO","@id":"https:\/\/kabbalahcentrum.nl\/#\/schema\/person\/image\/","url":"https:\/\/kabbalahcentrum.nl\/wp-content\/uploads\/2025\/02\/glwyjpufuj8_ad_avatar-96x96.jpg","contentUrl":"https:\/\/kabbalahcentrum.nl\/wp-content\/uploads\/2025\/02\/glwyjpufuj8_ad_avatar-96x96.jpg","caption":"Mila Hendriks"},"description":"Mila Hendriks is een mode-expert uit Rotterdam met meer dan tien jaar ervaring als stylist en mode-journalist. Zij ziet mode als een middel van zelfexpressie, waarbij zij zich richt op duurzaamheid, kwaliteit en het helpen van mensen hun unieke persoonlijke stijl te ontdekken.","url":"https:\/\/kabbalahcentrum.nl\/ro\/author\/mila-hendriks\/"}]}},"yoast_meta":{"yoast_wpseo_title":"","yoast_wpseo_metadesc":"","yoast_wpseo_canonical":"https:\/\/kabbalahcentrum.nl\/ro\/wp-json\/wp\/v2\/posts\/218"},"_links":{"self":[{"href":"https:\/\/kabbalahcentrum.nl\/ro\/wp-json\/wp\/v2\/posts\/218","targetHints":{"allow":["GET"]}}],"collection":[{"href":"https:\/\/kabbalahcentrum.nl\/ro\/wp-json\/wp\/v2\/posts"}],"about":[{"href":"https:\/\/kabbalahcentrum.nl\/ro\/wp-json\/wp\/v2\/types\/post"}],"author":[{"embeddable":true,"href":"https:\/\/kabbalahcentrum.nl\/ro\/wp-json\/wp\/v2\/users\/1"}],"replies":[{"embeddable":true,"href":"https:\/\/kabbalahcentrum.nl\/ro\/wp-json\/wp\/v2\/comments?post=218"}],"version-history":[{"count":1,"href":"https:\/\/kabbalahcentrum.nl\/ro\/wp-json\/wp\/v2\/posts\/218\/revisions"}],"predecessor-version":[{"id":225,"href":"https:\/\/kabbalahcentrum.nl\/ro\/wp-json\/wp\/v2\/posts\/218\/revisions\/225"}],"wp:featuredmedia":[{"embeddable":true,"href":"https:\/\/kabbalahcentrum.nl\/ro\/wp-json\/wp\/v2\/media\/195"}],"wp:attachment":[{"href":"https:\/\/kabbalahcentrum.nl\/ro\/wp-json\/wp\/v2\/media?parent=218"}],"wp:term":[{"taxonomy":"category","embeddable":true,"href":"https:\/\/kabbalahcentrum.nl\/ro\/wp-json\/wp\/v2\/categories?post=218"},{"taxonomy":"post_tag","embeddable":true,"href":"https:\/\/kabbalahcentrum.nl\/ro\/wp-json\/wp\/v2\/tags?post=218"}],"curies":[{"name":"wp","href":"https:\/\/api.w.org\/{rel}","templated":true}]}}